{"id":12891,"date":"2022-09-01T13:04:23","date_gmt":"2022-09-01T13:04:23","guid":{"rendered":"https:\/\/www.tab.si\/2022\/09\/01\/organizational-changes-in-tab-group\/"},"modified":"2022-09-06T14:37:39","modified_gmt":"2022-09-06T14:37:39","slug":"organizational-changes-in-tab-group","status":"publish","type":"post","link":"https:\/\/www.tab.si\/sl\/2022\/09\/01\/organizational-changes-in-tab-group\/","title":{"rendered":"ORGANIZACIJSKE SPREMEMBE V SKUPINI TAB"},"content":{"rendered":"\n<div class=\"wp-block-buttons is-layout-flex wp-block-buttons-is-layout-flex\">\n<div class=\"wp-block-button has-custom-font-size has-small-font-size\"><a class=\"wp-block-button__link\" href=\"https:\/\/www.tab.si\/wp-content\/uploads\/2022\/09\/TAB-d.d._1.9.2022_slo.pdf\">PRENESI DOKUMENT<\/a><\/div>\n<\/div>\n\n\n\n<figure class=\"wp-block-image size-full\"><img decoding=\"async\" loading=\"lazy\" width=\"649\" height=\"277\" src=\"https:\/\/www.tab.si\/wp-content\/uploads\/2022\/09\/sprememba_tab_manjsa.png\" alt=\"\" class=\"wp-image-12885\" srcset=\"https:\/\/www.tab.si\/wp-content\/uploads\/2022\/09\/sprememba_tab_manjsa.png 649w, https:\/\/www.tab.si\/wp-content\/uploads\/2022\/09\/sprememba_tab_manjsa-300x128.png 300w\" sizes=\"(max-width: 649px) 100vw, 649px\" \/><\/figure>\n\n\n\n<p>Spo\u0161tovani poslovni partnerji,<\/p>\n\n\n\n<p>Obve\u0161\u010damo Vas, da je v Skupini TAB pri\u0161lo do organizacijskih sprememb, ki stopijo v veljavo s 1. septembrom 2022, kar pomeni, da iz dosedanjega dvotirnega sistema upravljanja s skup\u0161\u010dino, nadzornim svetom in upravo, prehajamo na enotirni sistem s skup\u0161\u010dino, upravnim odborom in izvr\u0161nimi direktorji.<\/p>\n\n\n\n<p>Nova organizacija je slede\u010da:<\/p>\n\n\n\n<p><strong>Upravni odbor<\/strong>: Predsednik: mag. Bogomir Auprih, namestnik predsednika: mag. Sa\u0161o Pa\u010dnik in mag. Marko \u017dnidar\u0161i\u010d ter Matja\u017e Obretan kot \u010dlana.<\/p>\n\n\n\n<p><strong>Izvr\u0161ni direktorji<\/strong>: Glavni izvr\u0161ni direktor odgovoren za gospodarjenje: Roman Burja, izvr\u0161ni direktor odgovoren za tehni\u010dno podro\u010dje: Martin Rebula.<\/p>\n\n\n\n<p>Ker smo prepri\u010dani, da bo ta nova organizacija \u0161e izbolj\u0161ala fleksibilnost, preglednost in u\u010dinkovitost upravljanja skupine TAB in poslovnih odnosov z Vami, se Vam zahvaljujemo za preteklo poslovanje in se veselimo prihodnjega sodelovanja in skupnih uspehov.<\/p>\n\n\n\n<p>Lep pozdrav,<\/p>\n\n\n\n<p>Dru\u017eba TAB d.d.<\/p>\n\n\n\n<p>Predsednik UO<\/p>\n\n\n\n<p>mag. Bogomir Auprih<\/p>\n\n\n\n<figure class=\"wp-block-image size-large\"><img decoding=\"async\" loading=\"lazy\" width=\"1024\" height=\"768\" src=\"https:\/\/www.tab.si\/wp-content\/uploads\/2022\/09\/IMG_20220902_134811_1-1024x768.jpg\" alt=\"\" class=\"wp-image-12937\" srcset=\"https:\/\/www.tab.si\/wp-content\/uploads\/2022\/09\/IMG_20220902_134811_1-1024x768.jpg 1024w, https:\/\/www.tab.si\/wp-content\/uploads\/2022\/09\/IMG_20220902_134811_1-300x225.jpg 300w, https:\/\/www.tab.si\/wp-content\/uploads\/2022\/09\/IMG_20220902_134811_1-768x576.jpg 768w, https:\/\/www.tab.si\/wp-content\/uploads\/2022\/09\/IMG_20220902_134811_1-1536x1152.jpg 1536w, https:\/\/www.tab.si\/wp-content\/uploads\/2022\/09\/IMG_20220902_134811_1-2048x1536.jpg 2048w, https:\/\/www.tab.si\/wp-content\/uploads\/2022\/09\/IMG_20220902_134811_1-627x470.jpg 627w\" sizes=\"(max-width: 1024px) 100vw, 1024px\" \/><\/figure>\n","protected":false},"excerpt":{"rendered":"<p>Spo\u0161tovani poslovni partnerji, Obve\u0161\u010damo Vas, da je v Skupini TAB pri\u0161lo do organizacijskih sprememb, ki stopijo v veljavo s 1. septembrom 2022, kar pomeni, da iz dosedanjega dvotirnega sistema upravljanja s skup\u0161\u010dino, nadzornim svetom in upravo, prehajamo na enotirni sistem s skup\u0161\u010dino, upravnim odborom in izvr\u0161nimi direktorji. Nova organizacija je slede\u010da: Upravni odbor: Predsednik: mag. [&hellip;]<\/p>\n","protected":false},"author":1,"featured_media":12867,"comment_status":"closed","ping_status":"closed","sticky":false,"template":"","format":"standard","meta":{"footnotes":""},"categories":[148],"tags":[],"_links":{"self":[{"href":"https:\/\/www.tab.si\/sl\/wp-json\/wp\/v2\/posts\/12891"}],"collection":[{"href":"https:\/\/www.tab.si\/sl\/wp-json\/wp\/v2\/posts"}],"about":[{"href":"https:\/\/www.tab.si\/sl\/wp-json\/wp\/v2\/types\/post"}],"author":[{"embeddable":true,"href":"https:\/\/www.tab.si\/sl\/wp-json\/wp\/v2\/users\/1"}],"replies":[{"embeddable":true,"href":"https:\/\/www.tab.si\/sl\/wp-json\/wp\/v2\/comments?post=12891"}],"version-history":[{"count":4,"href":"https:\/\/www.tab.si\/sl\/wp-json\/wp\/v2\/posts\/12891\/revisions"}],"predecessor-version":[{"id":12943,"href":"https:\/\/www.tab.si\/sl\/wp-json\/wp\/v2\/posts\/12891\/revisions\/12943"}],"wp:featuredmedia":[{"embeddable":true,"href":"https:\/\/www.tab.si\/sl\/wp-json\/wp\/v2\/media\/12867"}],"wp:attachment":[{"href":"https:\/\/www.tab.si\/sl\/wp-json\/wp\/v2\/media?parent=12891"}],"wp:term":[{"taxonomy":"category","embeddable":true,"href":"https:\/\/www.tab.si\/sl\/wp-json\/wp\/v2\/categories?post=12891"},{"taxonomy":"post_tag","embeddable":true,"href":"https:\/\/www.tab.si\/sl\/wp-json\/wp\/v2\/tags?post=12891"}],"curies":[{"name":"wp","href":"https:\/\/api.w.org\/{rel}","templated":true}]}}